{"id":10022,"date":"2016-02-09T15:27:34","date_gmt":"2016-02-09T14:27:34","guid":{"rendered":"http:\/\/www.photo.lumn.eu\/wordpress\/?p=10022"},"modified":"2016-04-13T15:28:28","modified_gmt":"2016-04-13T14:28:28","slug":"tempete-sur-roscoff","status":"publish","type":"post","link":"http:\/\/www.photo.lumn.eu\/wordpress\/2016\/02\/09\/tempete-sur-roscoff\/","title":{"rendered":"Temp\u00eate sur Roscoff"},"content":{"rendered":"<p>9 f\u00e9vrier 2016. La temp\u00eate bat son plein sur les c\u00f4tes du Finist\u00e8re. Le vent balaye Roscoff cette apr\u00e8s midi l\u00e0, et un rayon de soleil vient parfois sublimer le paysage. Au loin, l&rsquo;\u00eele de Batz.<\/p>\n","protected":false},"excerpt":{"rendered":"<p>9 f\u00e9vrier 2016. La temp\u00eate bat son plein sur les c\u00f4tes du Finist\u00e8re. Le vent balaye Roscoff cette apr\u00e8s midi l\u00e0, et un rayon de soleil vient parfois sublimer le paysage. Au loin, l&rsquo;\u00eele de Batz.<\/p>\n","protected":false},"author":1,"featured_media":9999,"comment_status":"open","ping_status":"open","sticky":false,"template":"","format":"standard","meta":{"footnotes":""},"categories":[25],"tags":[],"class_list":["post-10022","post","type-post","status-publish","format-standard","has-post-thumbnail","hentry","category-eaux"],"_links":{"self":[{"href":"http:\/\/www.photo.lumn.eu\/wordpress\/wp-json\/wp\/v2\/posts\/10022","targetHints":{"allow":["GET"]}}],"collection":[{"href":"http:\/\/www.photo.lumn.eu\/wordpress\/wp-json\/wp\/v2\/posts"}],"about":[{"href":"http:\/\/www.photo.lumn.eu\/wordpress\/wp-json\/wp\/v2\/types\/post"}],"author":[{"embeddable":true,"href":"http:\/\/www.photo.lumn.eu\/wordpress\/wp-json\/wp\/v2\/users\/1"}],"replies":[{"embeddable":true,"href":"http:\/\/www.photo.lumn.eu\/wordpress\/wp-json\/wp\/v2\/comments?post=10022"}],"version-history":[{"count":1,"href":"http:\/\/www.photo.lumn.eu\/wordpress\/wp-json\/wp\/v2\/posts\/10022\/revisions"}],"predecessor-version":[{"id":10023,"href":"http:\/\/www.photo.lumn.eu\/wordpress\/wp-json\/wp\/v2\/posts\/10022\/revisions\/10023"}],"wp:featuredmedia":[{"embeddable":true,"href":"http:\/\/www.photo.lumn.eu\/wordpress\/wp-json\/wp\/v2\/media\/9999"}],"wp:attachment":[{"href":"http:\/\/www.photo.lumn.eu\/wordpress\/wp-json\/wp\/v2\/media?parent=10022"}],"wp:term":[{"taxonomy":"category","embeddable":true,"href":"http:\/\/www.photo.lumn.eu\/wordpress\/wp-json\/wp\/v2\/categories?post=10022"},{"taxonomy":"post_tag","embeddable":true,"href":"http:\/\/www.photo.lumn.eu\/wordpress\/wp-json\/wp\/v2\/tags?post=10022"}],"curies":[{"name":"wp","href":"https:\/\/api.w.org\/{rel}","templated":true}]}}