{"id":10036,"date":"2016-03-18T15:39:49","date_gmt":"2016-03-18T14:39:49","guid":{"rendered":"http:\/\/www.photo.lumn.eu\/wordpress\/?p=10036"},"modified":"2016-04-13T15:40:27","modified_gmt":"2016-04-13T14:40:27","slug":"passionnel","status":"publish","type":"post","link":"http:\/\/www.photo.lumn.eu\/wordpress\/2016\/03\/18\/passionnel\/","title":{"rendered":"Passionnel"},"content":{"rendered":"<p>18 mars 2016. Cette photo-ci \u00e9tait dans mon appareil depuis mi f\u00e9vrier. Parfois il me faut du temps pour d\u00e9cider si une photo vaut la peine ou non d&rsquo;\u00eatre montr\u00e9e. J&rsquo;aime beaucoup le vol d&rsquo;oiseaux ici qui dynamise la sc\u00e8ne&#8230;.et bien entendu, mon sujet de pr\u00e9dilection, la lumi\u00e8re, le soleil enflamm\u00e9, passionn\u00e9.<\/p>\n","protected":false},"excerpt":{"rendered":"<p>18 mars 2016. Cette photo-ci \u00e9tait dans mon appareil depuis mi f\u00e9vrier. Parfois il me faut du temps pour d\u00e9cider si une photo vaut la peine ou non d&rsquo;\u00eatre montr\u00e9e. J&rsquo;aime beaucoup le vol d&rsquo;oiseaux ici qui dynamise la sc\u00e8ne&#8230;.et&#8230; <a href=\"http:\/\/www.photo.lumn.eu\/wordpress\/2016\/03\/18\/passionnel\/\" class=\"read-more\">Read More<\/a><\/p>\n","protected":false},"author":1,"featured_media":10003,"comment_status":"open","ping_status":"open","sticky":false,"template":"","format":"standard","meta":{"footnotes":""},"categories":[22,23,24],"tags":[],"class_list":["post-10036","post","type-post","status-publish","format-standard","has-post-thumbnail","hentry","category-arbres","category-lumieres","category-paysages"],"_links":{"self":[{"href":"http:\/\/www.photo.lumn.eu\/wordpress\/wp-json\/wp\/v2\/posts\/10036","targetHints":{"allow":["GET"]}}],"collection":[{"href":"http:\/\/www.photo.lumn.eu\/wordpress\/wp-json\/wp\/v2\/posts"}],"about":[{"href":"http:\/\/www.photo.lumn.eu\/wordpress\/wp-json\/wp\/v2\/types\/post"}],"author":[{"embeddable":true,"href":"http:\/\/www.photo.lumn.eu\/wordpress\/wp-json\/wp\/v2\/users\/1"}],"replies":[{"embeddable":true,"href":"http:\/\/www.photo.lumn.eu\/wordpress\/wp-json\/wp\/v2\/comments?post=10036"}],"version-history":[{"count":1,"href":"http:\/\/www.photo.lumn.eu\/wordpress\/wp-json\/wp\/v2\/posts\/10036\/revisions"}],"predecessor-version":[{"id":10037,"href":"http:\/\/www.photo.lumn.eu\/wordpress\/wp-json\/wp\/v2\/posts\/10036\/revisions\/10037"}],"wp:featuredmedia":[{"embeddable":true,"href":"http:\/\/www.photo.lumn.eu\/wordpress\/wp-json\/wp\/v2\/media\/10003"}],"wp:attachment":[{"href":"http:\/\/www.photo.lumn.eu\/wordpress\/wp-json\/wp\/v2\/media?parent=10036"}],"wp:term":[{"taxonomy":"category","embeddable":true,"href":"http:\/\/www.photo.lumn.eu\/wordpress\/wp-json\/wp\/v2\/categories?post=10036"},{"taxonomy":"post_tag","embeddable":true,"href":"http:\/\/www.photo.lumn.eu\/wordpress\/wp-json\/wp\/v2\/tags?post=10036"}],"curies":[{"name":"wp","href":"https:\/\/api.w.org\/{rel}","templated":true}]}}