{"id":10055,"date":"2016-04-16T08:00:59","date_gmt":"2016-04-16T07:00:59","guid":{"rendered":"http:\/\/www.photo.lumn.eu\/wordpress\/?p=10055"},"modified":"2016-04-15T15:05:02","modified_gmt":"2016-04-15T14:05:02","slug":"la-pointe-du-decolle","status":"publish","type":"post","link":"http:\/\/www.photo.lumn.eu\/wordpress\/2016\/04\/16\/la-pointe-du-decolle\/","title":{"rendered":"La pointe du d\u00e9coll\u00e9"},"content":{"rendered":"<p>16 avril 2016. La houle martelle la cote avec un coefficient de mar\u00e9e de 111, la pleine mer impressionne. L&rsquo;\u00e9cume blanche se forme autour des rochers contre lesquels la mer en furie se jette litt\u00e9ralement.<\/p>\n","protected":false},"excerpt":{"rendered":"<p>16 avril 2016. La houle martelle la cote avec un coefficient de mar\u00e9e de 111, la pleine mer impressionne. L&rsquo;\u00e9cume blanche se forme autour des rochers contre lesquels la mer en furie se jette litt\u00e9ralement.<\/p>\n","protected":false},"author":1,"featured_media":10056,"comment_status":"open","ping_status":"open","sticky":false,"template":"","format":"standard","meta":{"footnotes":""},"categories":[25,24],"tags":[],"class_list":["post-10055","post","type-post","status-publish","format-standard","has-post-thumbnail","hentry","category-eaux","category-paysages"],"_links":{"self":[{"href":"http:\/\/www.photo.lumn.eu\/wordpress\/wp-json\/wp\/v2\/posts\/10055","targetHints":{"allow":["GET"]}}],"collection":[{"href":"http:\/\/www.photo.lumn.eu\/wordpress\/wp-json\/wp\/v2\/posts"}],"about":[{"href":"http:\/\/www.photo.lumn.eu\/wordpress\/wp-json\/wp\/v2\/types\/post"}],"author":[{"embeddable":true,"href":"http:\/\/www.photo.lumn.eu\/wordpress\/wp-json\/wp\/v2\/users\/1"}],"replies":[{"embeddable":true,"href":"http:\/\/www.photo.lumn.eu\/wordpress\/wp-json\/wp\/v2\/comments?post=10055"}],"version-history":[{"count":1,"href":"http:\/\/www.photo.lumn.eu\/wordpress\/wp-json\/wp\/v2\/posts\/10055\/revisions"}],"predecessor-version":[{"id":10057,"href":"http:\/\/www.photo.lumn.eu\/wordpress\/wp-json\/wp\/v2\/posts\/10055\/revisions\/10057"}],"wp:featuredmedia":[{"embeddable":true,"href":"http:\/\/www.photo.lumn.eu\/wordpress\/wp-json\/wp\/v2\/media\/10056"}],"wp:attachment":[{"href":"http:\/\/www.photo.lumn.eu\/wordpress\/wp-json\/wp\/v2\/media?parent=10055"}],"wp:term":[{"taxonomy":"category","embeddable":true,"href":"http:\/\/www.photo.lumn.eu\/wordpress\/wp-json\/wp\/v2\/categories?post=10055"},{"taxonomy":"post_tag","embeddable":true,"href":"http:\/\/www.photo.lumn.eu\/wordpress\/wp-json\/wp\/v2\/tags?post=10055"}],"curies":[{"name":"wp","href":"https:\/\/api.w.org\/{rel}","templated":true}]}}