{"id":10062,"date":"2016-04-23T08:52:12","date_gmt":"2016-04-23T07:52:12","guid":{"rendered":"http:\/\/www.photo.lumn.eu\/wordpress\/?p=10062"},"modified":"2016-04-23T08:52:12","modified_gmt":"2016-04-23T07:52:12","slug":"les-pres-sales","status":"publish","type":"post","link":"http:\/\/www.photo.lumn.eu\/wordpress\/2016\/04\/23\/les-pres-sales\/","title":{"rendered":"Les pr\u00e9s sal\u00e9s"},"content":{"rendered":"<p><strong>23 avril 2016<\/strong>. Le contraste entre ce rocher qui s&rsquo;\u00e9l\u00e8ve en plein milieu de nulle part, et les p\u00e2turages herbeux qu&rsquo;il domine est toujours tr\u00e8s saisissant.<\/p>\n","protected":false},"excerpt":{"rendered":"<p>23 avril 2016. Le contraste entre ce rocher qui s&rsquo;\u00e9l\u00e8ve en plein milieu de nulle part, et les p\u00e2turages herbeux qu&rsquo;il domine est toujours tr\u00e8s saisissant.<\/p>\n","protected":false},"author":1,"featured_media":9973,"comment_status":"open","ping_status":"open","sticky":false,"template":"","format":"standard","meta":{"footnotes":""},"categories":[24],"tags":[],"class_list":["post-10062","post","type-post","status-publish","format-standard","has-post-thumbnail","hentry","category-paysages"],"_links":{"self":[{"href":"http:\/\/www.photo.lumn.eu\/wordpress\/wp-json\/wp\/v2\/posts\/10062","targetHints":{"allow":["GET"]}}],"collection":[{"href":"http:\/\/www.photo.lumn.eu\/wordpress\/wp-json\/wp\/v2\/posts"}],"about":[{"href":"http:\/\/www.photo.lumn.eu\/wordpress\/wp-json\/wp\/v2\/types\/post"}],"author":[{"embeddable":true,"href":"http:\/\/www.photo.lumn.eu\/wordpress\/wp-json\/wp\/v2\/users\/1"}],"replies":[{"embeddable":true,"href":"http:\/\/www.photo.lumn.eu\/wordpress\/wp-json\/wp\/v2\/comments?post=10062"}],"version-history":[{"count":1,"href":"http:\/\/www.photo.lumn.eu\/wordpress\/wp-json\/wp\/v2\/posts\/10062\/revisions"}],"predecessor-version":[{"id":10063,"href":"http:\/\/www.photo.lumn.eu\/wordpress\/wp-json\/wp\/v2\/posts\/10062\/revisions\/10063"}],"wp:featuredmedia":[{"embeddable":true,"href":"http:\/\/www.photo.lumn.eu\/wordpress\/wp-json\/wp\/v2\/media\/9973"}],"wp:attachment":[{"href":"http:\/\/www.photo.lumn.eu\/wordpress\/wp-json\/wp\/v2\/media?parent=10062"}],"wp:term":[{"taxonomy":"category","embeddable":true,"href":"http:\/\/www.photo.lumn.eu\/wordpress\/wp-json\/wp\/v2\/categories?post=10062"},{"taxonomy":"post_tag","embeddable":true,"href":"http:\/\/www.photo.lumn.eu\/wordpress\/wp-json\/wp\/v2\/tags?post=10062"}],"curies":[{"name":"wp","href":"https:\/\/api.w.org\/{rel}","templated":true}]}}