{"id":10071,"date":"2016-05-06T08:18:55","date_gmt":"2016-05-06T07:18:55","guid":{"rendered":"http:\/\/www.photo.lumn.eu\/wordpress\/?p=10071"},"modified":"2016-05-06T08:18:55","modified_gmt":"2016-05-06T07:18:55","slug":"entre-amis","status":"publish","type":"post","link":"http:\/\/www.photo.lumn.eu\/wordpress\/2016\/05\/06\/entre-amis\/","title":{"rendered":"Entre amis"},"content":{"rendered":"<p>6 mai 2016: Qu&rsquo;y-a-t-il de meilleur, de plus ressour\u00e7ant et de plus paisible que de partager ces lumi\u00e8res, ces paysages, ce soleil, cette mer, cette plage&#8230;avec des amis. Je suis reconnaissant pour cette belle journ\u00e9e d&rsquo;hier \u00e0 la plage. Merci!<\/p>\n","protected":false},"excerpt":{"rendered":"<p>6 mai 2016: Qu&rsquo;y-a-t-il de meilleur, de plus ressour\u00e7ant et de plus paisible que de partager ces lumi\u00e8res, ces paysages, ce soleil, cette mer, cette plage&#8230;avec des amis. Je suis reconnaissant pour cette belle journ\u00e9e d&rsquo;hier \u00e0 la plage. Merci!<\/p>\n","protected":false},"author":1,"featured_media":10072,"comment_status":"open","ping_status":"open","sticky":false,"template":"","format":"standard","meta":{"footnotes":""},"categories":[25,23,24],"tags":[],"class_list":["post-10071","post","type-post","status-publish","format-standard","has-post-thumbnail","hentry","category-eaux","category-lumieres","category-paysages"],"_links":{"self":[{"href":"http:\/\/www.photo.lumn.eu\/wordpress\/wp-json\/wp\/v2\/posts\/10071","targetHints":{"allow":["GET"]}}],"collection":[{"href":"http:\/\/www.photo.lumn.eu\/wordpress\/wp-json\/wp\/v2\/posts"}],"about":[{"href":"http:\/\/www.photo.lumn.eu\/wordpress\/wp-json\/wp\/v2\/types\/post"}],"author":[{"embeddable":true,"href":"http:\/\/www.photo.lumn.eu\/wordpress\/wp-json\/wp\/v2\/users\/1"}],"replies":[{"embeddable":true,"href":"http:\/\/www.photo.lumn.eu\/wordpress\/wp-json\/wp\/v2\/comments?post=10071"}],"version-history":[{"count":1,"href":"http:\/\/www.photo.lumn.eu\/wordpress\/wp-json\/wp\/v2\/posts\/10071\/revisions"}],"predecessor-version":[{"id":10073,"href":"http:\/\/www.photo.lumn.eu\/wordpress\/wp-json\/wp\/v2\/posts\/10071\/revisions\/10073"}],"wp:featuredmedia":[{"embeddable":true,"href":"http:\/\/www.photo.lumn.eu\/wordpress\/wp-json\/wp\/v2\/media\/10072"}],"wp:attachment":[{"href":"http:\/\/www.photo.lumn.eu\/wordpress\/wp-json\/wp\/v2\/media?parent=10071"}],"wp:term":[{"taxonomy":"category","embeddable":true,"href":"http:\/\/www.photo.lumn.eu\/wordpress\/wp-json\/wp\/v2\/categories?post=10071"},{"taxonomy":"post_tag","embeddable":true,"href":"http:\/\/www.photo.lumn.eu\/wordpress\/wp-json\/wp\/v2\/tags?post=10071"}],"curies":[{"name":"wp","href":"https:\/\/api.w.org\/{rel}","templated":true}]}}