{"id":10251,"date":"2016-09-10T18:09:54","date_gmt":"2016-09-10T17:09:54","guid":{"rendered":"http:\/\/www.photo.lumn.eu\/wordpress\/?p=10251"},"modified":"2016-09-19T08:46:37","modified_gmt":"2016-09-19T07:46:37","slug":"ouvrir-le-cadre","status":"publish","type":"post","link":"http:\/\/www.photo.lumn.eu\/wordpress\/2016\/09\/10\/ouvrir-le-cadre\/","title":{"rendered":"Ouvrir le cadre"},"content":{"rendered":"<p>8 septembre 2016. Le paysage sur la photo est souvent d\u00e9cevant, je n&rsquo;y retrouve pas le sentiment de grandeur que mes yeux voyaient. Parfois il faut sortir du cadre, de la fen\u00eatre, aller \u00e0 gauche et \u00e0 droite chercher la lumi\u00e8re, la respirer, et remplir son coeur des beaut\u00e9 dont l&rsquo;oeil se souvient.<\/p>\n","protected":false},"excerpt":{"rendered":"<p>8 septembre 2016. Le paysage sur la photo est souvent d\u00e9cevant, je n&rsquo;y retrouve pas le sentiment de grandeur que mes yeux voyaient. Parfois il faut sortir du cadre, de la fen\u00eatre, aller \u00e0 gauche et \u00e0 droite chercher la&#8230; <a href=\"http:\/\/www.photo.lumn.eu\/wordpress\/2016\/09\/10\/ouvrir-le-cadre\/\" class=\"read-more\">Read More<\/a><\/p>\n","protected":false},"author":1,"featured_media":10252,"comment_status":"open","ping_status":"open","sticky":false,"template":"","format":"standard","meta":{"footnotes":""},"categories":[25,23,24],"tags":[],"class_list":["post-10251","post","type-post","status-publish","format-standard","has-post-thumbnail","hentry","category-eaux","category-lumieres","category-paysages"],"_links":{"self":[{"href":"http:\/\/www.photo.lumn.eu\/wordpress\/wp-json\/wp\/v2\/posts\/10251","targetHints":{"allow":["GET"]}}],"collection":[{"href":"http:\/\/www.photo.lumn.eu\/wordpress\/wp-json\/wp\/v2\/posts"}],"about":[{"href":"http:\/\/www.photo.lumn.eu\/wordpress\/wp-json\/wp\/v2\/types\/post"}],"author":[{"embeddable":true,"href":"http:\/\/www.photo.lumn.eu\/wordpress\/wp-json\/wp\/v2\/users\/1"}],"replies":[{"embeddable":true,"href":"http:\/\/www.photo.lumn.eu\/wordpress\/wp-json\/wp\/v2\/comments?post=10251"}],"version-history":[{"count":1,"href":"http:\/\/www.photo.lumn.eu\/wordpress\/wp-json\/wp\/v2\/posts\/10251\/revisions"}],"predecessor-version":[{"id":10253,"href":"http:\/\/www.photo.lumn.eu\/wordpress\/wp-json\/wp\/v2\/posts\/10251\/revisions\/10253"}],"wp:featuredmedia":[{"embeddable":true,"href":"http:\/\/www.photo.lumn.eu\/wordpress\/wp-json\/wp\/v2\/media\/10252"}],"wp:attachment":[{"href":"http:\/\/www.photo.lumn.eu\/wordpress\/wp-json\/wp\/v2\/media?parent=10251"}],"wp:term":[{"taxonomy":"category","embeddable":true,"href":"http:\/\/www.photo.lumn.eu\/wordpress\/wp-json\/wp\/v2\/categories?post=10251"},{"taxonomy":"post_tag","embeddable":true,"href":"http:\/\/www.photo.lumn.eu\/wordpress\/wp-json\/wp\/v2\/tags?post=10251"}],"curies":[{"name":"wp","href":"https:\/\/api.w.org\/{rel}","templated":true}]}}