{"id":10330,"date":"2016-10-29T22:40:37","date_gmt":"2016-10-29T21:40:37","guid":{"rendered":"http:\/\/www.photo.lumn.eu\/wordpress\/?p=10330"},"modified":"2016-10-29T22:42:49","modified_gmt":"2016-10-29T21:42:49","slug":"ma-beaute","status":"publish","type":"post","link":"http:\/\/www.photo.lumn.eu\/wordpress\/2016\/10\/29\/ma-beaute\/","title":{"rendered":"Ma beaut\u00e9"},"content":{"rendered":"<p>29 Octobre 2016. Strasbourg, MA ville. Avec Zadar, la beaut\u00e9 des beaut\u00e9s, elle m&rsquo;est si ch\u00e8re. Je m&rsquo;y rends d\u00e8s que je peux et je suis toujours \u00e9blouis par son gr\u00e8s rose et ses ruelles.<\/p>\n","protected":false},"excerpt":{"rendered":"<p>29 Octobre 2016. Strasbourg, MA ville. Avec Zadar, la beaut\u00e9 des beaut\u00e9s, elle m&rsquo;est si ch\u00e8re. Je m&rsquo;y rends d\u00e8s que je peux et je suis toujours \u00e9blouis par son gr\u00e8s rose et ses ruelles.<\/p>\n","protected":false},"author":1,"featured_media":10331,"comment_status":"open","ping_status":"open","sticky":false,"template":"","format":"standard","meta":{"footnotes":""},"categories":[64],"tags":[],"class_list":["post-10330","post","type-post","status-publish","format-standard","has-post-thumbnail","hentry","category-photo-de-rue"],"_links":{"self":[{"href":"http:\/\/www.photo.lumn.eu\/wordpress\/wp-json\/wp\/v2\/posts\/10330","targetHints":{"allow":["GET"]}}],"collection":[{"href":"http:\/\/www.photo.lumn.eu\/wordpress\/wp-json\/wp\/v2\/posts"}],"about":[{"href":"http:\/\/www.photo.lumn.eu\/wordpress\/wp-json\/wp\/v2\/types\/post"}],"author":[{"embeddable":true,"href":"http:\/\/www.photo.lumn.eu\/wordpress\/wp-json\/wp\/v2\/users\/1"}],"replies":[{"embeddable":true,"href":"http:\/\/www.photo.lumn.eu\/wordpress\/wp-json\/wp\/v2\/comments?post=10330"}],"version-history":[{"count":2,"href":"http:\/\/www.photo.lumn.eu\/wordpress\/wp-json\/wp\/v2\/posts\/10330\/revisions"}],"predecessor-version":[{"id":10334,"href":"http:\/\/www.photo.lumn.eu\/wordpress\/wp-json\/wp\/v2\/posts\/10330\/revisions\/10334"}],"wp:featuredmedia":[{"embeddable":true,"href":"http:\/\/www.photo.lumn.eu\/wordpress\/wp-json\/wp\/v2\/media\/10331"}],"wp:attachment":[{"href":"http:\/\/www.photo.lumn.eu\/wordpress\/wp-json\/wp\/v2\/media?parent=10330"}],"wp:term":[{"taxonomy":"category","embeddable":true,"href":"http:\/\/www.photo.lumn.eu\/wordpress\/wp-json\/wp\/v2\/categories?post=10330"},{"taxonomy":"post_tag","embeddable":true,"href":"http:\/\/www.photo.lumn.eu\/wordpress\/wp-json\/wp\/v2\/tags?post=10330"}],"curies":[{"name":"wp","href":"https:\/\/api.w.org\/{rel}","templated":true}]}}