{"id":10374,"date":"2016-11-28T08:30:59","date_gmt":"2016-11-28T07:30:59","guid":{"rendered":"http:\/\/www.photo.lumn.eu\/wordpress\/?p=10374"},"modified":"2016-11-28T08:30:59","modified_gmt":"2016-11-28T07:30:59","slug":"nadege-et-clement","status":"publish","type":"post","link":"http:\/\/www.photo.lumn.eu\/wordpress\/2016\/11\/28\/nadege-et-clement\/","title":{"rendered":"Nad\u00e8ge et Cl\u00e9ment"},"content":{"rendered":"<p>Quand Nad\u00e8ge et Cl\u00e9ment m&rsquo;ont demand\u00e9 de r\u00e9aliser quelques photos souvenirs de leur p\u00e9riode de fian\u00e7ailles, je ne m&rsquo;attendais pas \u00e0 cela. Apr\u00e8s un rep\u00e9rage des lieux soigneux, les voici qui arrivent avec une voiture pleine d&rsquo;accessoires, dont un vieux v\u00e9lo \u00ab\u00a0Motob\u00e9cane\u00a0\u00bb rouge, leurs instruments de musique, des livres, une cagette de l\u00e9gumes, des bouquets de fleurs ! Ils sont expressifs, inventifs, joueurs, espi\u00e8gles et c&rsquo;est un vrai bonheur de les prendre en photo. Pendant la pr\u00e9paration de cette photo, ils \u00e9taient sur une berge du canal de Betton et moi de l&rsquo;autre. Evidemment, il y a un peu de passage et deux femmes en v\u00e9lo passant derri\u00e8re moi s&rsquo;exclament : \u00ab\u00a0J&rsquo;ADORRRRRE\u00a0\u00bb. Effectivement, moi aussi. Nad\u00e8ge et Cl\u00e9ment ont mis des couleurs \u00e0 cette journ\u00e9e d&rsquo;automne grise, preuve s&rsquo;il en est que quand on a de la joie, la m\u00e9t\u00e9o s&rsquo;y plie. Voil\u00e0 un exemple parlant de tout ce que j&rsquo;aime en photos de couple, je partage un instant pr\u00e9cieux avec eux, je ressens leur belle personne et je me sens privil\u00e9gi\u00e9 de ces instants.<\/p>\n","protected":false},"excerpt":{"rendered":"<p>Quand Nad\u00e8ge et Cl\u00e9ment m&rsquo;ont demand\u00e9 de r\u00e9aliser quelques photos souvenirs de leur p\u00e9riode de fian\u00e7ailles, je ne m&rsquo;attendais pas \u00e0 cela. Apr\u00e8s un rep\u00e9rage des lieux soigneux, les voici qui arrivent avec une voiture pleine d&rsquo;accessoires, dont un vieux&#8230; <a href=\"http:\/\/www.photo.lumn.eu\/wordpress\/2016\/11\/28\/nadege-et-clement\/\" class=\"read-more\">Read More<\/a><\/p>\n","protected":false},"author":1,"featured_media":10375,"comment_status":"open","ping_status":"open","sticky":false,"template":"","format":"standard","meta":{"footnotes":""},"categories":[31,33],"tags":[],"class_list":["post-10374","post","type-post","status-publish","format-standard","has-post-thumbnail","hentry","category-portraits","category-reportage"],"_links":{"self":[{"href":"http:\/\/www.photo.lumn.eu\/wordpress\/wp-json\/wp\/v2\/posts\/10374","targetHints":{"allow":["GET"]}}],"collection":[{"href":"http:\/\/www.photo.lumn.eu\/wordpress\/wp-json\/wp\/v2\/posts"}],"about":[{"href":"http:\/\/www.photo.lumn.eu\/wordpress\/wp-json\/wp\/v2\/types\/post"}],"author":[{"embeddable":true,"href":"http:\/\/www.photo.lumn.eu\/wordpress\/wp-json\/wp\/v2\/users\/1"}],"replies":[{"embeddable":true,"href":"http:\/\/www.photo.lumn.eu\/wordpress\/wp-json\/wp\/v2\/comments?post=10374"}],"version-history":[{"count":1,"href":"http:\/\/www.photo.lumn.eu\/wordpress\/wp-json\/wp\/v2\/posts\/10374\/revisions"}],"predecessor-version":[{"id":10376,"href":"http:\/\/www.photo.lumn.eu\/wordpress\/wp-json\/wp\/v2\/posts\/10374\/revisions\/10376"}],"wp:featuredmedia":[{"embeddable":true,"href":"http:\/\/www.photo.lumn.eu\/wordpress\/wp-json\/wp\/v2\/media\/10375"}],"wp:attachment":[{"href":"http:\/\/www.photo.lumn.eu\/wordpress\/wp-json\/wp\/v2\/media?parent=10374"}],"wp:term":[{"taxonomy":"category","embeddable":true,"href":"http:\/\/www.photo.lumn.eu\/wordpress\/wp-json\/wp\/v2\/categories?post=10374"},{"taxonomy":"post_tag","embeddable":true,"href":"http:\/\/www.photo.lumn.eu\/wordpress\/wp-json\/wp\/v2\/tags?post=10374"}],"curies":[{"name":"wp","href":"https:\/\/api.w.org\/{rel}","templated":true}]}}