{"id":10381,"date":"2016-12-21T10:07:42","date_gmt":"2016-12-21T09:07:42","guid":{"rendered":"http:\/\/www.photo.lumn.eu\/wordpress\/?p=10381"},"modified":"2016-12-21T10:09:52","modified_gmt":"2016-12-21T09:09:52","slug":"noel-a-strasbourg","status":"publish","type":"post","link":"http:\/\/www.photo.lumn.eu\/wordpress\/2016\/12\/21\/noel-a-strasbourg\/","title":{"rendered":"No\u00ebl \u00e0 Strasbourg"},"content":{"rendered":"<p>Une photo qui ne date pas de cette ann\u00e9e mais en cette p\u00e9riode de lumi\u00e8res, je tenais \u00e0 mettre des couleurs et de la joie sur mon blog photos. Bonne f\u00eates les amis.<\/p>\n","protected":false},"excerpt":{"rendered":"<p>Une photo qui ne date pas de cette ann\u00e9e mais en cette p\u00e9riode de lumi\u00e8res, je tenais \u00e0 mettre des couleurs et de la joie sur mon blog photos. Bonne f\u00eates les amis.<\/p>\n","protected":false},"author":1,"featured_media":10382,"comment_status":"open","ping_status":"open","sticky":false,"template":"","format":"standard","meta":{"footnotes":""},"categories":[23,30,64],"tags":[],"class_list":["post-10381","post","type-post","status-publish","format-standard","has-post-thumbnail","hentry","category-lumieres","category-photo-de-nuit","category-photo-de-rue"],"_links":{"self":[{"href":"http:\/\/www.photo.lumn.eu\/wordpress\/wp-json\/wp\/v2\/posts\/10381","targetHints":{"allow":["GET"]}}],"collection":[{"href":"http:\/\/www.photo.lumn.eu\/wordpress\/wp-json\/wp\/v2\/posts"}],"about":[{"href":"http:\/\/www.photo.lumn.eu\/wordpress\/wp-json\/wp\/v2\/types\/post"}],"author":[{"embeddable":true,"href":"http:\/\/www.photo.lumn.eu\/wordpress\/wp-json\/wp\/v2\/users\/1"}],"replies":[{"embeddable":true,"href":"http:\/\/www.photo.lumn.eu\/wordpress\/wp-json\/wp\/v2\/comments?post=10381"}],"version-history":[{"count":2,"href":"http:\/\/www.photo.lumn.eu\/wordpress\/wp-json\/wp\/v2\/posts\/10381\/revisions"}],"predecessor-version":[{"id":10384,"href":"http:\/\/www.photo.lumn.eu\/wordpress\/wp-json\/wp\/v2\/posts\/10381\/revisions\/10384"}],"wp:featuredmedia":[{"embeddable":true,"href":"http:\/\/www.photo.lumn.eu\/wordpress\/wp-json\/wp\/v2\/media\/10382"}],"wp:attachment":[{"href":"http:\/\/www.photo.lumn.eu\/wordpress\/wp-json\/wp\/v2\/media?parent=10381"}],"wp:term":[{"taxonomy":"category","embeddable":true,"href":"http:\/\/www.photo.lumn.eu\/wordpress\/wp-json\/wp\/v2\/categories?post=10381"},{"taxonomy":"post_tag","embeddable":true,"href":"http:\/\/www.photo.lumn.eu\/wordpress\/wp-json\/wp\/v2\/tags?post=10381"}],"curies":[{"name":"wp","href":"https:\/\/api.w.org\/{rel}","templated":true}]}}