{"id":10400,"date":"2017-01-09T09:10:08","date_gmt":"2017-01-09T08:10:08","guid":{"rendered":"http:\/\/www.photo.lumn.eu\/wordpress\/?p=10400"},"modified":"2017-01-09T09:10:08","modified_gmt":"2017-01-09T08:10:08","slug":"spotlights","status":"publish","type":"post","link":"http:\/\/www.photo.lumn.eu\/wordpress\/2017\/01\/09\/spotlights\/","title":{"rendered":"Spotlights"},"content":{"rendered":"<p>9 janvier 2017. La photo de rue n&rsquo;est pas mon fort, je n&rsquo;aime pas m&rsquo;imposer, je n&rsquo;aime pas voler des photos \u00e0 des anonymes alors je m&rsquo;y essaye rarement, d&rsquo;autant plus qu&rsquo;en g\u00e9n\u00e9ral, je pr\u00e9f\u00e8re le minimalisme aux sc\u00e8nes charg\u00e9es. Je trouve cet art difficile, parce qu&rsquo;on ne peut pas cr\u00e9er l&rsquo;harmonie \u00a0\u00e0 partir d&rsquo;\u00e9l\u00e9ments non-collaboratifs. Alors de temps en temps, quand une photo de rue me r\u00e9ussit, comme je le pense c&rsquo;est le cas ici, j&rsquo;en suis content.<\/p>\n","protected":false},"excerpt":{"rendered":"<p>9 janvier 2017. La photo de rue n&rsquo;est pas mon fort, je n&rsquo;aime pas m&rsquo;imposer, je n&rsquo;aime pas voler des photos \u00e0 des anonymes alors je m&rsquo;y essaye rarement, d&rsquo;autant plus qu&rsquo;en g\u00e9n\u00e9ral, je pr\u00e9f\u00e8re le minimalisme aux sc\u00e8nes charg\u00e9es&#8230;. <a href=\"http:\/\/www.photo.lumn.eu\/wordpress\/2017\/01\/09\/spotlights\/\" class=\"read-more\">Read More<\/a><\/p>\n","protected":false},"author":1,"featured_media":10401,"comment_status":"open","ping_status":"open","sticky":false,"template":"","format":"standard","meta":{"footnotes":""},"categories":[29,30,64],"tags":[],"class_list":["post-10400","post","type-post","status-publish","format-standard","has-post-thumbnail","hentry","category-noir-blanc","category-photo-de-nuit","category-photo-de-rue"],"_links":{"self":[{"href":"http:\/\/www.photo.lumn.eu\/wordpress\/wp-json\/wp\/v2\/posts\/10400","targetHints":{"allow":["GET"]}}],"collection":[{"href":"http:\/\/www.photo.lumn.eu\/wordpress\/wp-json\/wp\/v2\/posts"}],"about":[{"href":"http:\/\/www.photo.lumn.eu\/wordpress\/wp-json\/wp\/v2\/types\/post"}],"author":[{"embeddable":true,"href":"http:\/\/www.photo.lumn.eu\/wordpress\/wp-json\/wp\/v2\/users\/1"}],"replies":[{"embeddable":true,"href":"http:\/\/www.photo.lumn.eu\/wordpress\/wp-json\/wp\/v2\/comments?post=10400"}],"version-history":[{"count":1,"href":"http:\/\/www.photo.lumn.eu\/wordpress\/wp-json\/wp\/v2\/posts\/10400\/revisions"}],"predecessor-version":[{"id":10402,"href":"http:\/\/www.photo.lumn.eu\/wordpress\/wp-json\/wp\/v2\/posts\/10400\/revisions\/10402"}],"wp:featuredmedia":[{"embeddable":true,"href":"http:\/\/www.photo.lumn.eu\/wordpress\/wp-json\/wp\/v2\/media\/10401"}],"wp:attachment":[{"href":"http:\/\/www.photo.lumn.eu\/wordpress\/wp-json\/wp\/v2\/media?parent=10400"}],"wp:term":[{"taxonomy":"category","embeddable":true,"href":"http:\/\/www.photo.lumn.eu\/wordpress\/wp-json\/wp\/v2\/categories?post=10400"},{"taxonomy":"post_tag","embeddable":true,"href":"http:\/\/www.photo.lumn.eu\/wordpress\/wp-json\/wp\/v2\/tags?post=10400"}],"curies":[{"name":"wp","href":"https:\/\/api.w.org\/{rel}","templated":true}]}}