{"id":10504,"date":"2017-04-03T16:04:48","date_gmt":"2017-04-03T15:04:48","guid":{"rendered":"http:\/\/www.photo.lumn.eu\/wordpress\/?p=10504"},"modified":"2017-04-03T16:17:00","modified_gmt":"2017-04-03T15:17:00","slug":"sur-ma-route-2","status":"publish","type":"post","link":"http:\/\/www.photo.lumn.eu\/wordpress\/2017\/04\/03\/sur-ma-route-2\/","title":{"rendered":"Sur ma route"},"content":{"rendered":"<!--[if lt IE 9]><script>document.createElement('audio');<\/script><![endif]-->\n<audio class=\"wp-audio-shortcode\" id=\"audio-10504-1\" loop autoplay preload=\"none\" style=\"width: 100%;\" controls=\"controls\"><source type=\"audio\/mpeg\" src=\"http:\/\/www.lumn.eu\/wordpress\/wp-content\/uploads\/2016\/10\/sur-ma-route.mp3?_=1\" \/><a href=\"http:\/\/www.lumn.eu\/wordpress\/wp-content\/uploads\/2016\/10\/sur-ma-route.mp3\">http:\/\/www.lumn.eu\/wordpress\/wp-content\/uploads\/2016\/10\/sur-ma-route.mp3<\/a><\/audio>\n<p>Sur ma route, j&rsquo;ai eu des moments de doute<br \/>\nJ&rsquo;marchais sans savoir vers o\u00f9, j&rsquo;\u00e9tais t\u00eatu rien \u00e0 foutre<br \/>\nSur ma route, j&rsquo;avais pas d&rsquo;bagage en soute<br \/>\nEt, dans ma poche, pas un sou, juste la famille, entre nous<br \/>\nSur ma route, y&rsquo;a eu un tas d&rsquo;bouchons<br \/>\nLa v\u00e9rit\u00e9, j&rsquo;ai souvent tr\u00e9buch\u00e9<br \/>\nEst-ce que tu sais que quand tu touches le fond<br \/>\nIl y a peu de gens chez qui tu peux te r\u00e9fugier?<br \/>\nTu peux compter que sur tes chers parents<br \/>\nParce que les amis, eux, disparaissent un par un<br \/>\nOui, il m&rsquo;arrive d&rsquo;avoir le front au sol<br \/>\nParce que Dieu est grand et, si on est seul, on meurt seul<\/p>\n<p>Sur ma route, oui<br \/>\nIl y a eu du move, oui<br \/>\nDe l&rsquo;aventure dans l&rsquo;movie<br \/>\nUne vie de roots<br \/>\nSur ma route, oui<br \/>\nJe n&rsquo;compte plus les soucis<br \/>\nDe quoi devenir fou, oui<br \/>\nUne vie de roots<\/p>\n<p>Black M<\/p>\n<p>&nbsp;<\/p>\n<p>Heu, le lien avec la chanson de Black M? Ben, ce paysage, c&rsquo;\u00e9tait sur ma route, ce matin&#8230;et un lien avec Music&rsquo;Art!<\/p>\n","protected":false},"excerpt":{"rendered":"<p>Sur ma route, j&rsquo;ai eu des moments de doute J&rsquo;marchais sans savoir vers o\u00f9, j&rsquo;\u00e9tais t\u00eatu rien \u00e0 foutre Sur ma route, j&rsquo;avais pas d&rsquo;bagage en soute Et, dans ma poche, pas un sou, juste la famille, entre nous Sur&#8230; <a href=\"http:\/\/www.photo.lumn.eu\/wordpress\/2017\/04\/03\/sur-ma-route-2\/\" class=\"read-more\">Read More<\/a><\/p>\n","protected":false},"author":1,"featured_media":10505,"comment_status":"open","ping_status":"open","sticky":false,"template":"","format":"standard","meta":{"footnotes":""},"categories":[22,23,24],"tags":[],"class_list":["post-10504","post","type-post","status-publish","format-standard","has-post-thumbnail","hentry","category-arbres","category-lumieres","category-paysages"],"_links":{"self":[{"href":"http:\/\/www.photo.lumn.eu\/wordpress\/wp-json\/wp\/v2\/posts\/10504","targetHints":{"allow":["GET"]}}],"collection":[{"href":"http:\/\/www.photo.lumn.eu\/wordpress\/wp-json\/wp\/v2\/posts"}],"about":[{"href":"http:\/\/www.photo.lumn.eu\/wordpress\/wp-json\/wp\/v2\/types\/post"}],"author":[{"embeddable":true,"href":"http:\/\/www.photo.lumn.eu\/wordpress\/wp-json\/wp\/v2\/users\/1"}],"replies":[{"embeddable":true,"href":"http:\/\/www.photo.lumn.eu\/wordpress\/wp-json\/wp\/v2\/comments?post=10504"}],"version-history":[{"count":2,"href":"http:\/\/www.photo.lumn.eu\/wordpress\/wp-json\/wp\/v2\/posts\/10504\/revisions"}],"predecessor-version":[{"id":10508,"href":"http:\/\/www.photo.lumn.eu\/wordpress\/wp-json\/wp\/v2\/posts\/10504\/revisions\/10508"}],"wp:featuredmedia":[{"embeddable":true,"href":"http:\/\/www.photo.lumn.eu\/wordpress\/wp-json\/wp\/v2\/media\/10505"}],"wp:attachment":[{"href":"http:\/\/www.photo.lumn.eu\/wordpress\/wp-json\/wp\/v2\/media?parent=10504"}],"wp:term":[{"taxonomy":"category","embeddable":true,"href":"http:\/\/www.photo.lumn.eu\/wordpress\/wp-json\/wp\/v2\/categories?post=10504"},{"taxonomy":"post_tag","embeddable":true,"href":"http:\/\/www.photo.lumn.eu\/wordpress\/wp-json\/wp\/v2\/tags?post=10504"}],"curies":[{"name":"wp","href":"https:\/\/api.w.org\/{rel}","templated":true}]}}