{"id":10509,"date":"2017-04-07T17:14:54","date_gmt":"2017-04-07T16:14:54","guid":{"rendered":"http:\/\/www.photo.lumn.eu\/wordpress\/?p=10509"},"modified":"2017-04-07T17:14:54","modified_gmt":"2017-04-07T16:14:54","slug":"harmonic","status":"publish","type":"post","link":"http:\/\/www.photo.lumn.eu\/wordpress\/2017\/04\/07\/harmonic\/","title":{"rendered":"Harmonic"},"content":{"rendered":"<p>7 avril 2017. Promenade champ\u00eatre par une belle journ\u00e9e de printemps. La nature nous fait tant de bien, elle harmonise notre moi avec notre \u00eatre.<\/p>\n","protected":false},"excerpt":{"rendered":"<p>7 avril 2017. Promenade champ\u00eatre par une belle journ\u00e9e de printemps. La nature nous fait tant de bien, elle harmonise notre moi avec notre \u00eatre.<\/p>\n","protected":false},"author":1,"featured_media":10510,"comment_status":"open","ping_status":"open","sticky":false,"template":"","format":"standard","meta":{"footnotes":""},"categories":[22,26,24],"tags":[],"class_list":["post-10509","post","type-post","status-publish","format-standard","has-post-thumbnail","hentry","category-arbres","category-fleurs","category-paysages"],"_links":{"self":[{"href":"http:\/\/www.photo.lumn.eu\/wordpress\/wp-json\/wp\/v2\/posts\/10509","targetHints":{"allow":["GET"]}}],"collection":[{"href":"http:\/\/www.photo.lumn.eu\/wordpress\/wp-json\/wp\/v2\/posts"}],"about":[{"href":"http:\/\/www.photo.lumn.eu\/wordpress\/wp-json\/wp\/v2\/types\/post"}],"author":[{"embeddable":true,"href":"http:\/\/www.photo.lumn.eu\/wordpress\/wp-json\/wp\/v2\/users\/1"}],"replies":[{"embeddable":true,"href":"http:\/\/www.photo.lumn.eu\/wordpress\/wp-json\/wp\/v2\/comments?post=10509"}],"version-history":[{"count":1,"href":"http:\/\/www.photo.lumn.eu\/wordpress\/wp-json\/wp\/v2\/posts\/10509\/revisions"}],"predecessor-version":[{"id":10511,"href":"http:\/\/www.photo.lumn.eu\/wordpress\/wp-json\/wp\/v2\/posts\/10509\/revisions\/10511"}],"wp:featuredmedia":[{"embeddable":true,"href":"http:\/\/www.photo.lumn.eu\/wordpress\/wp-json\/wp\/v2\/media\/10510"}],"wp:attachment":[{"href":"http:\/\/www.photo.lumn.eu\/wordpress\/wp-json\/wp\/v2\/media?parent=10509"}],"wp:term":[{"taxonomy":"category","embeddable":true,"href":"http:\/\/www.photo.lumn.eu\/wordpress\/wp-json\/wp\/v2\/categories?post=10509"},{"taxonomy":"post_tag","embeddable":true,"href":"http:\/\/www.photo.lumn.eu\/wordpress\/wp-json\/wp\/v2\/tags?post=10509"}],"curies":[{"name":"wp","href":"https:\/\/api.w.org\/{rel}","templated":true}]}}