{"id":10542,"date":"2017-04-27T16:44:18","date_gmt":"2017-04-27T15:44:18","guid":{"rendered":"http:\/\/www.photo.lumn.eu\/wordpress\/?p=10542"},"modified":"2017-04-27T16:44:18","modified_gmt":"2017-04-27T15:44:18","slug":"banco","status":"publish","type":"post","link":"http:\/\/www.photo.lumn.eu\/wordpress\/2017\/04\/27\/banco\/","title":{"rendered":"Banco!"},"content":{"rendered":"<p>27 avril 2017. La douce qui\u00e9tude d&rsquo;un banc de jardin sous la ramure lumineuse d&rsquo;un \u00e9clairage de nuit, illustre parfaitement la s\u00e9r\u00e9nit\u00e9 d&rsquo;un soir de printemps au golfe du Morbihan.<\/p>\n","protected":false},"excerpt":{"rendered":"<p>27 avril 2017. La douce qui\u00e9tude d&rsquo;un banc de jardin sous la ramure lumineuse d&rsquo;un \u00e9clairage de nuit, illustre parfaitement la s\u00e9r\u00e9nit\u00e9 d&rsquo;un soir de printemps au golfe du Morbihan.<\/p>\n","protected":false},"author":1,"featured_media":10543,"comment_status":"open","ping_status":"open","sticky":false,"template":"","format":"standard","meta":{"footnotes":""},"categories":[22,23,30],"tags":[],"class_list":["post-10542","post","type-post","status-publish","format-standard","has-post-thumbnail","hentry","category-arbres","category-lumieres","category-photo-de-nuit"],"_links":{"self":[{"href":"http:\/\/www.photo.lumn.eu\/wordpress\/wp-json\/wp\/v2\/posts\/10542","targetHints":{"allow":["GET"]}}],"collection":[{"href":"http:\/\/www.photo.lumn.eu\/wordpress\/wp-json\/wp\/v2\/posts"}],"about":[{"href":"http:\/\/www.photo.lumn.eu\/wordpress\/wp-json\/wp\/v2\/types\/post"}],"author":[{"embeddable":true,"href":"http:\/\/www.photo.lumn.eu\/wordpress\/wp-json\/wp\/v2\/users\/1"}],"replies":[{"embeddable":true,"href":"http:\/\/www.photo.lumn.eu\/wordpress\/wp-json\/wp\/v2\/comments?post=10542"}],"version-history":[{"count":1,"href":"http:\/\/www.photo.lumn.eu\/wordpress\/wp-json\/wp\/v2\/posts\/10542\/revisions"}],"predecessor-version":[{"id":10544,"href":"http:\/\/www.photo.lumn.eu\/wordpress\/wp-json\/wp\/v2\/posts\/10542\/revisions\/10544"}],"wp:featuredmedia":[{"embeddable":true,"href":"http:\/\/www.photo.lumn.eu\/wordpress\/wp-json\/wp\/v2\/media\/10543"}],"wp:attachment":[{"href":"http:\/\/www.photo.lumn.eu\/wordpress\/wp-json\/wp\/v2\/media?parent=10542"}],"wp:term":[{"taxonomy":"category","embeddable":true,"href":"http:\/\/www.photo.lumn.eu\/wordpress\/wp-json\/wp\/v2\/categories?post=10542"},{"taxonomy":"post_tag","embeddable":true,"href":"http:\/\/www.photo.lumn.eu\/wordpress\/wp-json\/wp\/v2\/tags?post=10542"}],"curies":[{"name":"wp","href":"https:\/\/api.w.org\/{rel}","templated":true}]}}