{"id":10642,"date":"2017-09-21T15:34:31","date_gmt":"2017-09-21T14:34:31","guid":{"rendered":"http:\/\/www.photo.lumn.eu\/wordpress\/?p=10642"},"modified":"2017-09-21T15:34:38","modified_gmt":"2017-09-21T14:34:38","slug":"equinoxe","status":"publish","type":"post","link":"http:\/\/www.photo.lumn.eu\/wordpress\/2017\/09\/21\/equinoxe\/","title":{"rendered":"Equinoxe"},"content":{"rendered":"<p>21 septembre 2017. L&rsquo;\u00e9quinoxe. \u00a0Elle est comme cet arbre, moiti\u00e9 dans l&rsquo;ombre et pourtant, si bien illumin\u00e9e, ainsi va la ligne de partage de la lumi\u00e8re, elle joue en contraste, elle flamboie dans le ciel et les silhouettes des choses en sont valoris\u00e9es.<\/p>\n","protected":false},"excerpt":{"rendered":"<p>21 septembre 2017. L&rsquo;\u00e9quinoxe. \u00a0Elle est comme cet arbre, moiti\u00e9 dans l&rsquo;ombre et pourtant, si bien illumin\u00e9e, ainsi va la ligne de partage de la lumi\u00e8re, elle joue en contraste, elle flamboie dans le ciel et les silhouettes des choses&#8230; <a href=\"http:\/\/www.photo.lumn.eu\/wordpress\/2017\/09\/21\/equinoxe\/\" class=\"read-more\">Read More<\/a><\/p>\n","protected":false},"author":1,"featured_media":10643,"comment_status":"open","ping_status":"open","sticky":false,"template":"","format":"standard","meta":{"footnotes":""},"categories":[23,24],"tags":[],"class_list":["post-10642","post","type-post","status-publish","format-standard","has-post-thumbnail","hentry","category-lumieres","category-paysages"],"_links":{"self":[{"href":"http:\/\/www.photo.lumn.eu\/wordpress\/wp-json\/wp\/v2\/posts\/10642","targetHints":{"allow":["GET"]}}],"collection":[{"href":"http:\/\/www.photo.lumn.eu\/wordpress\/wp-json\/wp\/v2\/posts"}],"about":[{"href":"http:\/\/www.photo.lumn.eu\/wordpress\/wp-json\/wp\/v2\/types\/post"}],"author":[{"embeddable":true,"href":"http:\/\/www.photo.lumn.eu\/wordpress\/wp-json\/wp\/v2\/users\/1"}],"replies":[{"embeddable":true,"href":"http:\/\/www.photo.lumn.eu\/wordpress\/wp-json\/wp\/v2\/comments?post=10642"}],"version-history":[{"count":1,"href":"http:\/\/www.photo.lumn.eu\/wordpress\/wp-json\/wp\/v2\/posts\/10642\/revisions"}],"predecessor-version":[{"id":10644,"href":"http:\/\/www.photo.lumn.eu\/wordpress\/wp-json\/wp\/v2\/posts\/10642\/revisions\/10644"}],"wp:featuredmedia":[{"embeddable":true,"href":"http:\/\/www.photo.lumn.eu\/wordpress\/wp-json\/wp\/v2\/media\/10643"}],"wp:attachment":[{"href":"http:\/\/www.photo.lumn.eu\/wordpress\/wp-json\/wp\/v2\/media?parent=10642"}],"wp:term":[{"taxonomy":"category","embeddable":true,"href":"http:\/\/www.photo.lumn.eu\/wordpress\/wp-json\/wp\/v2\/categories?post=10642"},{"taxonomy":"post_tag","embeddable":true,"href":"http:\/\/www.photo.lumn.eu\/wordpress\/wp-json\/wp\/v2\/tags?post=10642"}],"curies":[{"name":"wp","href":"https:\/\/api.w.org\/{rel}","templated":true}]}}