{"id":10766,"date":"2019-04-16T13:46:36","date_gmt":"2019-04-16T12:46:36","guid":{"rendered":"http:\/\/www.photo.lumn.eu\/wordpress\/?p=10766"},"modified":"2019-04-16T13:46:36","modified_gmt":"2019-04-16T12:46:36","slug":"panoramix","status":"publish","type":"post","link":"http:\/\/www.photo.lumn.eu\/wordpress\/2019\/04\/16\/panoramix\/","title":{"rendered":"Panoramix"},"content":{"rendered":"<p>16 Avril 2019. Panoramix? Mais c&rsquo;est m\u00eame pas en Bretagne! Bon, ok, on s&rsquo;en douterait avec ces montagnes. Belle vue de la vall\u00e9e de la Laguna au nord-est de l&rsquo;\u00eele de T\u00e9n\u00e9rife. Et dire que ce jour il a fait&#8230;moche? Si si!<\/p>\n","protected":false},"excerpt":{"rendered":"<p>16 Avril 2019. Panoramix? Mais c&rsquo;est m\u00eame pas en Bretagne! Bon, ok, on s&rsquo;en douterait avec ces montagnes. Belle vue de la vall\u00e9e de la Laguna au nord-est de l&rsquo;\u00eele de T\u00e9n\u00e9rife. Et dire que ce jour il a fait&#8230;moche?&#8230; <a href=\"http:\/\/www.photo.lumn.eu\/wordpress\/2019\/04\/16\/panoramix\/\" class=\"read-more\">Read More<\/a><\/p>\n","protected":false},"author":1,"featured_media":10757,"comment_status":"open","ping_status":"open","sticky":false,"template":"","format":"standard","meta":{"footnotes":""},"categories":[24],"tags":[],"class_list":["post-10766","post","type-post","status-publish","format-standard","has-post-thumbnail","hentry","category-paysages"],"_links":{"self":[{"href":"http:\/\/www.photo.lumn.eu\/wordpress\/wp-json\/wp\/v2\/posts\/10766","targetHints":{"allow":["GET"]}}],"collection":[{"href":"http:\/\/www.photo.lumn.eu\/wordpress\/wp-json\/wp\/v2\/posts"}],"about":[{"href":"http:\/\/www.photo.lumn.eu\/wordpress\/wp-json\/wp\/v2\/types\/post"}],"author":[{"embeddable":true,"href":"http:\/\/www.photo.lumn.eu\/wordpress\/wp-json\/wp\/v2\/users\/1"}],"replies":[{"embeddable":true,"href":"http:\/\/www.photo.lumn.eu\/wordpress\/wp-json\/wp\/v2\/comments?post=10766"}],"version-history":[{"count":1,"href":"http:\/\/www.photo.lumn.eu\/wordpress\/wp-json\/wp\/v2\/posts\/10766\/revisions"}],"predecessor-version":[{"id":10767,"href":"http:\/\/www.photo.lumn.eu\/wordpress\/wp-json\/wp\/v2\/posts\/10766\/revisions\/10767"}],"wp:featuredmedia":[{"embeddable":true,"href":"http:\/\/www.photo.lumn.eu\/wordpress\/wp-json\/wp\/v2\/media\/10757"}],"wp:attachment":[{"href":"http:\/\/www.photo.lumn.eu\/wordpress\/wp-json\/wp\/v2\/media?parent=10766"}],"wp:term":[{"taxonomy":"category","embeddable":true,"href":"http:\/\/www.photo.lumn.eu\/wordpress\/wp-json\/wp\/v2\/categories?post=10766"},{"taxonomy":"post_tag","embeddable":true,"href":"http:\/\/www.photo.lumn.eu\/wordpress\/wp-json\/wp\/v2\/tags?post=10766"}],"curies":[{"name":"wp","href":"https:\/\/api.w.org\/{rel}","templated":true}]}}