{"id":10770,"date":"2019-04-19T06:52:44","date_gmt":"2019-04-19T05:52:44","guid":{"rendered":"http:\/\/www.photo.lumn.eu\/wordpress\/?p=10770"},"modified":"2019-04-19T06:52:44","modified_gmt":"2019-04-19T05:52:44","slug":"solitaire-mais-lumineux","status":"publish","type":"post","link":"http:\/\/www.photo.lumn.eu\/wordpress\/2019\/04\/19\/solitaire-mais-lumineux\/","title":{"rendered":"Solitaire mais lumineux"},"content":{"rendered":"<p>19 Avril 2019. Plant\u00e9 l\u00e0, tout seul, mais chaque matin, le soliel vient le r\u00e9chauffer de sa lumi\u00e8re.<\/p>\n","protected":false},"excerpt":{"rendered":"<p>19 Avril 2019. Plant\u00e9 l\u00e0, tout seul, mais chaque matin, le soliel vient le r\u00e9chauffer de sa lumi\u00e8re.<\/p>\n","protected":false},"author":1,"featured_media":10771,"comment_status":"open","ping_status":"open","sticky":false,"template":"","format":"standard","meta":{"footnotes":""},"categories":[32,23,24],"tags":[],"class_list":["post-10770","post","type-post","status-publish","format-standard","has-post-thumbnail","hentry","category-animaux","category-lumieres","category-paysages"],"_links":{"self":[{"href":"http:\/\/www.photo.lumn.eu\/wordpress\/wp-json\/wp\/v2\/posts\/10770","targetHints":{"allow":["GET"]}}],"collection":[{"href":"http:\/\/www.photo.lumn.eu\/wordpress\/wp-json\/wp\/v2\/posts"}],"about":[{"href":"http:\/\/www.photo.lumn.eu\/wordpress\/wp-json\/wp\/v2\/types\/post"}],"author":[{"embeddable":true,"href":"http:\/\/www.photo.lumn.eu\/wordpress\/wp-json\/wp\/v2\/users\/1"}],"replies":[{"embeddable":true,"href":"http:\/\/www.photo.lumn.eu\/wordpress\/wp-json\/wp\/v2\/comments?post=10770"}],"version-history":[{"count":1,"href":"http:\/\/www.photo.lumn.eu\/wordpress\/wp-json\/wp\/v2\/posts\/10770\/revisions"}],"predecessor-version":[{"id":10772,"href":"http:\/\/www.photo.lumn.eu\/wordpress\/wp-json\/wp\/v2\/posts\/10770\/revisions\/10772"}],"wp:featuredmedia":[{"embeddable":true,"href":"http:\/\/www.photo.lumn.eu\/wordpress\/wp-json\/wp\/v2\/media\/10771"}],"wp:attachment":[{"href":"http:\/\/www.photo.lumn.eu\/wordpress\/wp-json\/wp\/v2\/media?parent=10770"}],"wp:term":[{"taxonomy":"category","embeddable":true,"href":"http:\/\/www.photo.lumn.eu\/wordpress\/wp-json\/wp\/v2\/categories?post=10770"},{"taxonomy":"post_tag","embeddable":true,"href":"http:\/\/www.photo.lumn.eu\/wordpress\/wp-json\/wp\/v2\/tags?post=10770"}],"curies":[{"name":"wp","href":"https:\/\/api.w.org\/{rel}","templated":true}]}}