{"id":10806,"date":"2019-07-03T08:56:14","date_gmt":"2019-07-03T07:56:14","guid":{"rendered":"http:\/\/www.photo.lumn.eu\/wordpress\/?p=10806"},"modified":"2019-07-03T08:56:14","modified_gmt":"2019-07-03T07:56:14","slug":"romantisme-animalier","status":"publish","type":"post","link":"http:\/\/www.photo.lumn.eu\/wordpress\/2019\/07\/03\/romantisme-animalier\/","title":{"rendered":"Romantisme animalier?"},"content":{"rendered":"<p>3 juillet 2019. C&rsquo;est pas que les go\u00e9lands et les dauphins sont en symbiose, c&rsquo;est juste parce qu&rsquo;ils ont le m\u00eame garde manger! Oui, \u00e7a casse le romantisme animalier&#8230;<\/p>\n","protected":false},"excerpt":{"rendered":"<p>3 juillet 2019. C&rsquo;est pas que les go\u00e9lands et les dauphins sont en symbiose, c&rsquo;est juste parce qu&rsquo;ils ont le m\u00eame garde manger! Oui, \u00e7a casse le romantisme animalier&#8230;<\/p>\n","protected":false},"author":1,"featured_media":10804,"comment_status":"open","ping_status":"open","sticky":false,"template":"","format":"standard","meta":{"footnotes":""},"categories":[32],"tags":[],"class_list":["post-10806","post","type-post","status-publish","format-standard","has-post-thumbnail","hentry","category-animaux"],"_links":{"self":[{"href":"http:\/\/www.photo.lumn.eu\/wordpress\/wp-json\/wp\/v2\/posts\/10806","targetHints":{"allow":["GET"]}}],"collection":[{"href":"http:\/\/www.photo.lumn.eu\/wordpress\/wp-json\/wp\/v2\/posts"}],"about":[{"href":"http:\/\/www.photo.lumn.eu\/wordpress\/wp-json\/wp\/v2\/types\/post"}],"author":[{"embeddable":true,"href":"http:\/\/www.photo.lumn.eu\/wordpress\/wp-json\/wp\/v2\/users\/1"}],"replies":[{"embeddable":true,"href":"http:\/\/www.photo.lumn.eu\/wordpress\/wp-json\/wp\/v2\/comments?post=10806"}],"version-history":[{"count":1,"href":"http:\/\/www.photo.lumn.eu\/wordpress\/wp-json\/wp\/v2\/posts\/10806\/revisions"}],"predecessor-version":[{"id":10807,"href":"http:\/\/www.photo.lumn.eu\/wordpress\/wp-json\/wp\/v2\/posts\/10806\/revisions\/10807"}],"wp:featuredmedia":[{"embeddable":true,"href":"http:\/\/www.photo.lumn.eu\/wordpress\/wp-json\/wp\/v2\/media\/10804"}],"wp:attachment":[{"href":"http:\/\/www.photo.lumn.eu\/wordpress\/wp-json\/wp\/v2\/media?parent=10806"}],"wp:term":[{"taxonomy":"category","embeddable":true,"href":"http:\/\/www.photo.lumn.eu\/wordpress\/wp-json\/wp\/v2\/categories?post=10806"},{"taxonomy":"post_tag","embeddable":true,"href":"http:\/\/www.photo.lumn.eu\/wordpress\/wp-json\/wp\/v2\/tags?post=10806"}],"curies":[{"name":"wp","href":"https:\/\/api.w.org\/{rel}","templated":true}]}}